{"id":3531,"date":"2013-11-03T19:17:58","date_gmt":"2013-11-03T17:17:58","guid":{"rendered":"http:\/\/xn--tullingssjaktlag-kob.se\/?p=3531"},"modified":"2014-12-04T15:22:57","modified_gmt":"2014-12-04T13:22:57","slug":"den-forste-for-balder","status":"publish","type":"post","link":"http:\/\/xn--tullingssjaktlag-kob.se\/?p=3531","title":{"rendered":"Den f\u00f8rste for Balder!"},"content":{"rendered":"<p><a href=\"http:\/\/xn--tullingssjaktlag-kob.se\/wp-content\/uploads\/DSC_7817.jpg\"><img loading=\"lazy\" decoding=\"async\" class=\"alignleft size-full wp-image-3532\" alt=\"DSC_7817\" src=\"http:\/\/xn--tullingssjaktlag-kob.se\/wp-content\/uploads\/DSC_7817.jpg\" width=\"700\" height=\"485\" srcset=\"http:\/\/xn--tullingssjaktlag-kob.se\/wp-content\/uploads\/DSC_7817.jpg 700w, http:\/\/xn--tullingssjaktlag-kob.se\/wp-content\/uploads\/DSC_7817-300x207.jpg 300w\" sizes=\"auto, (max-width: 700px) 100vw, 700px\" \/><\/a>Unghunden Balder fikk en tung start p\u00e5 h\u00f8sten da han ble sv\u00e6rt sjuk p.g.a. bistikk.\u00a0Trodde faktisk han kom til \u00e5 d\u00f8, men det gikk bra!\u00a0\u00a0Han\u00a0har f\u00e5tt v\u00e6re l\u00f8s ett antall ganger etter dette og tatt opp\u00a0elg ved 3-4 tilfeller. Jeg har s\u00e5 vidt h\u00f8rt noen skall. S\u00f8ndag 27. kom\u00a0DAGEN for Balder. Vi fikk g\u00e5 p\u00e5 \u00c5neset, der tok han opp elg som sto i fast stand. Det var Balders f\u00f8rste stand noensinne og jag fikk skjuta en ko efter tv\u00e5 timmar.\u00a0Bedre start\u00a0for en unghund kan det ikke bli!\u00a0Det er lite som er mer kul enn \u00e5 skjute den f\u00f8rste for en ung hund. Det som gjorde det til en ekstra kul opplevelse var at Balders fantastiske skall! Hoppas mange jegere i Tullings\u00e5s skal f\u00e5 h\u00f8re det skallet i kommende \u00e5r!<\/p>\n","protected":false},"excerpt":{"rendered":"<p>Unghunden Balder fikk en tung start p\u00e5 h\u00f8sten da han ble sv\u00e6rt sjuk p.g.a. bistikk.\u00a0Trodde faktisk han kom til \u00e5 d\u00f8, men det gikk bra!\u00a0\u00a0Han\u00a0har f\u00e5tt v\u00e6re l\u00f8s ett antall ganger etter dette og tatt opp\u00a0elg ved 3-4 tilfeller. Jeg &hellip; <a href=\"http:\/\/xn--tullingssjaktlag-kob.se\/?p=3531\">Forts\u00e4tt l\u00e4sa <span class=\"meta-nav\">&rarr;<\/span><\/a><\/p>\n","protected":false},"author":3,"featured_media":0,"comment_status":"open","ping_status":"closed","sticky":false,"template":"","format":"standard","meta":{"ngg_post_thumbnail":0,"footnotes":""},"categories":[31,10,1],"tags":[],"class_list":["post-3531","post","type-post","status-publish","format-standard","hentry","category-algjakten-2013","category-jakt","category-uncategorized"],"_links":{"self":[{"href":"http:\/\/xn--tullingssjaktlag-kob.se\/index.php?rest_route=\/wp\/v2\/posts\/3531","targetHints":{"allow":["GET"]}}],"collection":[{"href":"http:\/\/xn--tullingssjaktlag-kob.se\/index.php?rest_route=\/wp\/v2\/posts"}],"about":[{"href":"http:\/\/xn--tullingssjaktlag-kob.se\/index.php?rest_route=\/wp\/v2\/types\/post"}],"author":[{"embeddable":true,"href":"http:\/\/xn--tullingssjaktlag-kob.se\/index.php?rest_route=\/wp\/v2\/users\/3"}],"replies":[{"embeddable":true,"href":"http:\/\/xn--tullingssjaktlag-kob.se\/index.php?rest_route=%2Fwp%2Fv2%2Fcomments&post=3531"}],"version-history":[{"count":5,"href":"http:\/\/xn--tullingssjaktlag-kob.se\/index.php?rest_route=\/wp\/v2\/posts\/3531\/revisions"}],"predecessor-version":[{"id":4134,"href":"http:\/\/xn--tullingssjaktlag-kob.se\/index.php?rest_route=\/wp\/v2\/posts\/3531\/revisions\/4134"}],"wp:attachment":[{"href":"http:\/\/xn--tullingssjaktlag-kob.se\/index.php?rest_route=%2Fwp%2Fv2%2Fmedia&parent=3531"}],"wp:term":[{"taxonomy":"category","embeddable":true,"href":"http:\/\/xn--tullingssjaktlag-kob.se\/index.php?rest_route=%2Fwp%2Fv2%2Fcategories&post=3531"},{"taxonomy":"post_tag","embeddable":true,"href":"http:\/\/xn--tullingssjaktlag-kob.se\/index.php?rest_route=%2Fwp%2Fv2%2Ftags&post=3531"}],"curies":[{"name":"wp","href":"https:\/\/api.w.org\/{rel}","templated":true}]}}